{"id":116,"date":"2007-05-11T17:54:26","date_gmt":"2007-05-11T17:54:26","guid":{"rendered":"http:\/\/wp.kurtjakob.ch\/?p=116"},"modified":"2007-05-11T17:54:26","modified_gmt":"2007-05-11T17:54:26","slug":"zeitschrift-computer-und-unterricht","status":"publish","type":"post","link":"https:\/\/kurtjakob.ch\/?p=116","title":{"rendered":"Zeitschrift Computer und Unterricht"},"content":{"rendered":"<p style=\"margin-right: 0px;\" dir=\"ltr\" align=\"left\">\u00a0\u00a0\u00a0 <img loading=\"lazy\" decoding=\"async\" style=\"width: 119px; height: 166px;\" src=\"http:\/\/www.friedrichonline.de\/data\/BFA121C75C994A5E9D7D144EB780F522.0.jpg\" alt=\"\" width=\"119\" height=\"166\" align=\"bottom\" border=\"0\" hspace=\"0\" \/><\/p>\n<p align=\"left\">In <a href=\"http:\/\/wiki.doebe.li\/view\/Beat\/InternetInteraktiv\" target=\"_blank\">Beats Blog<\/a> findet man einen Hinweis auf die neue Ausgabe der Zeitschrift <a href=\"http:\/\/www.friedrichonline.de\/go\/?action=ShowProd&amp;prod_uuid=YK4YTI6J8KKT3KJY4IVMCHXQXDU3B1QU&amp;continue=\" target=\"_blank\">Computer und Unterricht<\/a>.\u00a0Sie ist dem Thema <strong>&#8222;Web 2.0 &#8211; Internet Interaktiv&#8220;<\/strong> gwidmet. Wenn man auf die Seite des Friedrich Verlages geht, kann man auch\u00a0ein Bild der Titelseite des neuen Heftes sehen, man kann sogar ein Inhaltsverzeichnis der Ausgabe kostenlos herunterladen. Mehr aber nicht! Das Heft gibt es offensichtlich nur als Printausgabe. Dies ist eigentlich erstaunlich. Eine Zeitschrift, die sich diesem Thema widmet, sollte man doch digital bekommen k\u00f6nnen. Da frage ich mich, in welchem Jahr wir eigentlich leben. Ich habe dem Verlag ein entsprechendes Email geschrieben, ich bin gespannt auf\u00a0eine Antwort.<\/p>\n<p align=\"left\">Nachtrag vom 21.5.07:<\/p>\n<p align=\"left\">Die Antwort ist eingetroffen. Man bedankt sich f\u00fcr das Interesse und best\u00e4tigt mir, dass die Zeitschrift (noch) nicht digital erh\u00e4ltlich sei. Offensichtlich hat man aber Angst vor einer m\u00f6glichen &#8222;unauthorisierten &#8230; Weiterverbreitung&#8220;. Man arbeite aber verlagsintern an einem m\u00f6glichen Konzept.<\/p>\n<p align=\"left\">Ich weiss nicht so recht, was das nun soll. Kann man in den n\u00e4chsten Wochen, Monaten oder erst einem Jahr mit einer digitalen Ausgabe rechnen?\u00a0Mit Genugtuung\u00a0habe ich festgestellt, dass auch <a href=\"http:\/\/wiki.doebe.li\/Beat\/BlogEntry200508170913\" target=\"_blank\">Beat Doebeli<\/a> auf eine digitale Ausgabe wartet. Ich werde dem Verlag nochmals schreiben, vielleicht kann man den Prozess ja beschleunigen.<\/p>\n<p><\/p>\n","protected":false},"excerpt":{"rendered":"<p>\u00a0\u00a0\u00a0 In Beats Blog findet man einen Hinweis auf die neue Ausgabe der Zeitschrift Computer und Unterricht.\u00a0Sie ist dem Thema &#8222;Web 2.0 &#8211; Internet Interaktiv&#8220; gwidmet. Wenn man auf die Seite des Friedrich Verlages geht, kann man auch\u00a0ein Bild der Titelseite des neuen Heftes sehen, man kann sogar ein Inhaltsverzeichnis der Ausgabe kostenlos herunterladen. Mehr [&hellip;]<\/p>\n","protected":false},"author":3,"featured_media":0,"comment_status":"open","ping_status":"open","sticky":false,"template":"","format":"standard","meta":{"footnotes":""},"categories":[1],"tags":[27,25,72],"class_list":["post-116","post","type-post","status-publish","format-standard","hentry","category-uncategorized","tag-ebook","tag-elearning","tag-web-2-0"],"_links":{"self":[{"href":"https:\/\/kurtjakob.ch\/index.php?rest_route=\/wp\/v2\/posts\/116","targetHints":{"allow":["GET"]}}],"collection":[{"href":"https:\/\/kurtjakob.ch\/index.php?rest_route=\/wp\/v2\/posts"}],"about":[{"href":"https:\/\/kurtjakob.ch\/index.php?rest_route=\/wp\/v2\/types\/post"}],"author":[{"embeddable":true,"href":"https:\/\/kurtjakob.ch\/index.php?rest_route=\/wp\/v2\/users\/3"}],"replies":[{"embeddable":true,"href":"https:\/\/kurtjakob.ch\/index.php?rest_route=%2Fwp%2Fv2%2Fcomments&post=116"}],"version-history":[{"count":0,"href":"https:\/\/kurtjakob.ch\/index.php?rest_route=\/wp\/v2\/posts\/116\/revisions"}],"wp:attachment":[{"href":"https:\/\/kurtjakob.ch\/index.php?rest_route=%2Fwp%2Fv2%2Fmedia&parent=116"}],"wp:term":[{"taxonomy":"category","embeddable":true,"href":"https:\/\/kurtjakob.ch\/index.php?rest_route=%2Fwp%2Fv2%2Fcategories&post=116"},{"taxonomy":"post_tag","embeddable":true,"href":"https:\/\/kurtjakob.ch\/index.php?rest_route=%2Fwp%2Fv2%2Ftags&post=116"}],"curies":[{"name":"wp","href":"https:\/\/api.w.org\/{rel}","templated":true}]}}