{"id":111,"date":"2007-05-09T19:46:31","date_gmt":"2007-05-09T19:46:31","guid":{"rendered":"http:\/\/wp.kurtjakob.ch\/?p=111"},"modified":"2007-05-09T19:46:31","modified_gmt":"2007-05-09T19:46:31","slug":"wie-man-sich-richtig-bei-einem-verlag-bewirbt","status":"publish","type":"post","link":"https:\/\/kurtjakob.ch\/?p=111","title":{"rendered":"Wie man sich richtig bei einem Verlag bewirbt"},"content":{"rendered":"<p align=\"left\">Im <a href=\"http:\/\/www.literaturcafe.de\/\" target=\"_blank\">Literaturcafe<\/a> bin ich auf diesen interessanten Artikel gestossen: eine Zusammenfassung eines <a href=\"http:\/\/www.ard.de\/kultur\/buecher\/manuskripte-lektor-verlag\/-\/id=8350\/nid=8350\/did=514942\/bcmxuj\/\" target=\"_blank\">Interviews mit Andreas Paschedag<\/a>, seit sechs Jahren Lektor beim Aufbau-Verlag. Die Tips findet man <a href=\"http:\/\/www.literaturcafe.de\/die-wichtigsten-tipps-eines-verlagslektors\/\" target=\"_blank\">hier<\/a>. W\u00e4hrend seiner T\u00e4tigkeit bei diesem Verlag sind von mehreren tausend Manuskripten zwei B\u00fccher erschienen. Der wichtigste Ratschlag f\u00fcr alle, die gerne gute Autoren werden m\u00f6chten: Lesen, lesen, lesen! Das Literaturcafe\u00a0bietet \u00fcbrigens <a href=\"http:\/\/www.literaturcafe.de\/bf.htm?\/berichte\/normseit.php\" target=\"_blank\">hier<\/a> auch\u00a0die M\u00f6glichkeit,\u00a0Normseiten f\u00fcr die Textverarbeitung herunterzuladen.<\/p>\n","protected":false},"excerpt":{"rendered":"<p>Im Literaturcafe bin ich auf diesen interessanten Artikel gestossen: eine Zusammenfassung eines Interviews mit Andreas Paschedag, seit sechs Jahren Lektor beim Aufbau-Verlag. Die Tips findet man hier. W\u00e4hrend seiner T\u00e4tigkeit bei diesem Verlag sind von mehreren tausend Manuskripten zwei B\u00fccher erschienen. Der wichtigste Ratschlag f\u00fcr alle, die gerne gute Autoren werden m\u00f6chten: Lesen, lesen, lesen! [&hellip;]<\/p>\n","protected":false},"author":3,"featured_media":0,"comment_status":"open","ping_status":"open","sticky":false,"template":"","format":"standard","meta":{"footnotes":""},"categories":[1],"tags":[50,37],"class_list":["post-111","post","type-post","status-publish","format-standard","hentry","category-uncategorized","tag-schreiben","tag-verlagswesen"],"_links":{"self":[{"href":"https:\/\/kurtjakob.ch\/index.php?rest_route=\/wp\/v2\/posts\/111","targetHints":{"allow":["GET"]}}],"collection":[{"href":"https:\/\/kurtjakob.ch\/index.php?rest_route=\/wp\/v2\/posts"}],"about":[{"href":"https:\/\/kurtjakob.ch\/index.php?rest_route=\/wp\/v2\/types\/post"}],"author":[{"embeddable":true,"href":"https:\/\/kurtjakob.ch\/index.php?rest_route=\/wp\/v2\/users\/3"}],"replies":[{"embeddable":true,"href":"https:\/\/kurtjakob.ch\/index.php?rest_route=%2Fwp%2Fv2%2Fcomments&post=111"}],"version-history":[{"count":0,"href":"https:\/\/kurtjakob.ch\/index.php?rest_route=\/wp\/v2\/posts\/111\/revisions"}],"wp:attachment":[{"href":"https:\/\/kurtjakob.ch\/index.php?rest_route=%2Fwp%2Fv2%2Fmedia&parent=111"}],"wp:term":[{"taxonomy":"category","embeddable":true,"href":"https:\/\/kurtjakob.ch\/index.php?rest_route=%2Fwp%2Fv2%2Fcategories&post=111"},{"taxonomy":"post_tag","embeddable":true,"href":"https:\/\/kurtjakob.ch\/index.php?rest_route=%2Fwp%2Fv2%2Ftags&post=111"}],"curies":[{"name":"wp","href":"https:\/\/api.w.org\/{rel}","templated":true}]}}