{"id":1097,"date":"2012-12-23T21:37:22","date_gmt":"2012-12-23T20:37:22","guid":{"rendered":"http:\/\/blog.kurtjakob.ch\/?p=1097"},"modified":"2022-06-17T21:41:18","modified_gmt":"2022-06-17T21:41:18","slug":"storyworld-geschlossen","status":"publish","type":"post","link":"https:\/\/kurtjakob.ch\/?p=1097","title":{"rendered":"Storyworld geschlossen"},"content":{"rendered":"<p align=\"left\">Wie ich in einem Email vom 22.12.2012 lesen konnte, ist <a href=\"http:\/\/www.books.ch\/storyworld\" target=\"_blank\" rel=\"noopener\">Storyworld am 21.12.2012 geschlossen worden<\/a>, und zwar betrifft das sowohl storyworld.ch als auch storyworld.de.<\/p>\n<blockquote>\n<p align=\"left\">Der Service von storyworld wurde am 21. Dezember 2012 eingestellt. Wir bedanken uns f\u00fcr Ihre Treue in den letzten drei Jahren ganz herzlich. F\u00fcr Ihre Buch- und Medienw\u00fcnsche empfehlen wir Ihnen <a href=\"http:\/\/www.books.ch\">books.ch<\/a> den Online-Shop der Orell F\u00fcssli Buchhandlung. books.ch bietet ein noch umfassenderes Angebot von \u00fcber 7 Mio. Artikeln, zus\u00e4tzlich \u00fcber 400\u2019000 eBooks und attraktive Top-Preis-Angebote.<\/p>\n<\/blockquote>\n<p align=\"left\">Sotryworld wurde im <a href=\"http:\/\/markusgisler.ch\/wordpress\/wp-content\/uploads\/2010\/06\/MG_tas_20100613.pdf\" target=\"_blank\" rel=\"noopener\">Juni 2010<\/a> von <a href=\"http:\/\/www.buch.ch\" target=\"_blank\" rel=\"noopener\">Orell F\u00fcssli<\/a> ins Netz gestellt. Damals schrieb die <a href=\"http:\/\/www.bernerzeitung.ch\/wirtschaft\/unternehmen-und-konjunktur\/Orell-Fuessli-setzt-auf-Billigbuecher-im-Netz\/story\/16381217\" target=\"_blank\" rel=\"noopener\">Berner Zeitung<\/a>:<\/p>\n<blockquote>\n<p align=\"left\">Mit dem zweiten Onlinediscounter Storyworld.ch will der Branchenriese Orell F\u00fcssli den Onlinehandel aufmischen.<\/p>\n<\/blockquote>\n<p align=\"left\">Im Blog <a href=\"http:\/\/blog.carpathia.ch\/2012\/12\/21\/storyworld-aus-orell-fuessli\/\" target=\"_blank\" rel=\"noopener\">carpathia<\/a> wird vermutet, dass durch die definitive Aufhebung der Buchpreisbindung der Discounter nicht mehr ben\u00f6tigt wird.<\/p>\n<blockquote>\n<p align=\"left\">Orell F\u00fcssli hat sich f\u00fcr die B\u00fcchpreisbindung <a href=\"http:\/\/www.nzz.ch\/aktuell\/kopf-und-zahl\/rettungsanker-oder-schreckensgespenst-fuer-den-schweizer-buchhandel-1.15542807\">stark gemacht<\/a>, aber eine Doppelstrategie gefahren, in dem mit Storyworld gleichzeitig ein Discount-Ableger in der Schweiz und in Deutschland aufgebaut wurde. Falls die Buchpreisbindung gekommen w\u00e4re, h\u00e4tte man den Schweizer Markt aus Deutschland beliefert zu Discountpreisen und parallel weiter unter eigenem Namen im Hochpreissegment verkauft \u2013 sozusagen amtl. bewilligt.<\/p>\n<p align=\"left\">\n<\/blockquote>\n<p>Nachtrag vom 26.12.2012:<br \/>\nIch habe vor dem 21.12.2012 noch bei Storybooks ein Buch bestellen wollen, dann kam das Email mit der Mitteilung der Schliessung der Seite. Storybooks hatte mir ein Angebot f\u00fcr D\u00fcrrenmatts &#8222;Physiker&#8220; f\u00fcr CHF 7.80 gemacht. Nun hat mich die Seite von Storybooks an buch.ch verwiesen. Dort kostet <a href=\"http:\/\/www.books.ch\/detail\/ISBN-9783257230475?tduid=3647f98d115e388152ec702290d3698b\" target=\"_blank\" rel=\"noopener\">das gleiche Buch<\/a> nun 11.90, also fast CHF 3.- mehr, doch sehr bemerkenswert.<\/p>\n","protected":false},"excerpt":{"rendered":"<p>Wie ich in einem Email vom 22.12.2012 lesen konnte, ist Storyworld am 21.12.2012 geschlossen worden, und zwar betrifft das sowohl storyworld.ch als auch storyworld.de. Der Service von storyworld wurde am 21. Dezember 2012 eingestellt. Wir bedanken uns f\u00fcr Ihre Treue in den letzten drei Jahren ganz herzlich. F\u00fcr Ihre Buch- und Medienw\u00fcnsche empfehlen wir Ihnen [&hellip;]<\/p>\n","protected":false},"author":4,"featured_media":0,"comment_status":"open","ping_status":"open","sticky":false,"template":"","format":"standard","meta":{"footnotes":""},"categories":[181,191],"tags":[27,37],"class_list":["post-1097","post","type-post","status-publish","format-standard","hentry","category-buch","category-ebooks","tag-ebook","tag-verlagswesen"],"_links":{"self":[{"href":"https:\/\/kurtjakob.ch\/index.php?rest_route=\/wp\/v2\/posts\/1097","targetHints":{"allow":["GET"]}}],"collection":[{"href":"https:\/\/kurtjakob.ch\/index.php?rest_route=\/wp\/v2\/posts"}],"about":[{"href":"https:\/\/kurtjakob.ch\/index.php?rest_route=\/wp\/v2\/types\/post"}],"author":[{"embeddable":true,"href":"https:\/\/kurtjakob.ch\/index.php?rest_route=\/wp\/v2\/users\/4"}],"replies":[{"embeddable":true,"href":"https:\/\/kurtjakob.ch\/index.php?rest_route=%2Fwp%2Fv2%2Fcomments&post=1097"}],"version-history":[{"count":1,"href":"https:\/\/kurtjakob.ch\/index.php?rest_route=\/wp\/v2\/posts\/1097\/revisions"}],"predecessor-version":[{"id":4376,"href":"https:\/\/kurtjakob.ch\/index.php?rest_route=\/wp\/v2\/posts\/1097\/revisions\/4376"}],"wp:attachment":[{"href":"https:\/\/kurtjakob.ch\/index.php?rest_route=%2Fwp%2Fv2%2Fmedia&parent=1097"}],"wp:term":[{"taxonomy":"category","embeddable":true,"href":"https:\/\/kurtjakob.ch\/index.php?rest_route=%2Fwp%2Fv2%2Fcategories&post=1097"},{"taxonomy":"post_tag","embeddable":true,"href":"https:\/\/kurtjakob.ch\/index.php?rest_route=%2Fwp%2Fv2%2Ftags&post=1097"}],"curies":[{"name":"wp","href":"https:\/\/api.w.org\/{rel}","templated":true}]}}