{"id":106,"date":"2007-05-04T18:15:01","date_gmt":"2007-05-04T18:15:01","guid":{"rendered":"http:\/\/wp.kurtjakob.ch\/?p=106"},"modified":"2007-05-04T18:15:01","modified_gmt":"2007-05-04T18:15:01","slug":"ict-und-allgemeinbildung","status":"publish","type":"post","link":"https:\/\/kurtjakob.ch\/?p=106","title":{"rendered":"ICT und Allgemeinbildung"},"content":{"rendered":"<p align=\"left\">Welche F\u00e4higkeiten im ICT-Bereich geh\u00f6ren in absehbarer Zukunft zur Allgemeinbildung? Neben der allgemeinen Computerbedienung, etwa\u00a0Dateien abspeichern k\u00f6nnen, Emails schreiben und empfangen k\u00f6nnen,\u00a0dem Beherrschen grundlegender Programme, etwa\u00a0einer Text- und Bildbearbeitung, geh\u00f6ren nat\u00fcrlich auch gewisse F\u00e4higkeiten der Informationsbeschaffung und -verarbeitung dazu. Auf etwas anderes macht <a href=\"http:\/\/wiki.doebe.li\/view\/Beat\/WikiNutzungAlsAllgemeinbildung\" target=\"_blank\">Beat Doebeli<\/a> aufmerksam:<\/font><\/p>\n<blockquote>\n<p align=\"left\"><strong>Gemeinsames Erarbeiten eines Textes mit Hilfe von ICT<\/strong> wird langsam aber zunehmend als Anforderung f\u00fcr Studium und Beruf angesehen und <strong>wird<\/strong> somit zu einem <strong>Bestandteil der Allgemeinbildung in der Informationsgesellschaft.<\/strong><\/p>\n<\/blockquote>\n","protected":false},"excerpt":{"rendered":"<p>Welche F\u00e4higkeiten im ICT-Bereich geh\u00f6ren in absehbarer Zukunft zur Allgemeinbildung? Neben der allgemeinen Computerbedienung, etwa\u00a0Dateien abspeichern k\u00f6nnen, Emails schreiben und empfangen k\u00f6nnen,\u00a0dem Beherrschen grundlegender Programme, etwa\u00a0einer Text- und Bildbearbeitung, geh\u00f6ren nat\u00fcrlich auch gewisse F\u00e4higkeiten der Informationsbeschaffung und -verarbeitung dazu. Auf etwas anderes macht Beat Doebeli aufmerksam: Gemeinsames Erarbeiten eines Textes mit Hilfe von ICT wird [&hellip;]<\/p>\n","protected":false},"author":3,"featured_media":0,"comment_status":"open","ping_status":"open","sticky":false,"template":"","format":"standard","meta":{"footnotes":""},"categories":[1],"tags":[68,13],"class_list":["post-106","post","type-post","status-publish","format-standard","hentry","category-uncategorized","tag-allgemeinbildung","tag-wiki"],"_links":{"self":[{"href":"https:\/\/kurtjakob.ch\/index.php?rest_route=\/wp\/v2\/posts\/106","targetHints":{"allow":["GET"]}}],"collection":[{"href":"https:\/\/kurtjakob.ch\/index.php?rest_route=\/wp\/v2\/posts"}],"about":[{"href":"https:\/\/kurtjakob.ch\/index.php?rest_route=\/wp\/v2\/types\/post"}],"author":[{"embeddable":true,"href":"https:\/\/kurtjakob.ch\/index.php?rest_route=\/wp\/v2\/users\/3"}],"replies":[{"embeddable":true,"href":"https:\/\/kurtjakob.ch\/index.php?rest_route=%2Fwp%2Fv2%2Fcomments&post=106"}],"version-history":[{"count":0,"href":"https:\/\/kurtjakob.ch\/index.php?rest_route=\/wp\/v2\/posts\/106\/revisions"}],"wp:attachment":[{"href":"https:\/\/kurtjakob.ch\/index.php?rest_route=%2Fwp%2Fv2%2Fmedia&parent=106"}],"wp:term":[{"taxonomy":"category","embeddable":true,"href":"https:\/\/kurtjakob.ch\/index.php?rest_route=%2Fwp%2Fv2%2Fcategories&post=106"},{"taxonomy":"post_tag","embeddable":true,"href":"https:\/\/kurtjakob.ch\/index.php?rest_route=%2Fwp%2Fv2%2Ftags&post=106"}],"curies":[{"name":"wp","href":"https:\/\/api.w.org\/{rel}","templated":true}]}}