{"id":1026,"date":"2012-09-13T20:38:37","date_gmt":"2012-09-13T18:38:37","guid":{"rendered":"http:\/\/blog.kurtjakob.ch\/?p=1026"},"modified":"2012-09-13T20:38:37","modified_gmt":"2012-09-13T18:38:37","slug":"literarische-anspielungen-in-der-solothurner-zeitung","status":"publish","type":"post","link":"https:\/\/kurtjakob.ch\/?p=1026","title":{"rendered":"Literarische Anspielungen in der Solothurner Zeitung"},"content":{"rendered":"<p align=\"left\">In der <a href=\"http:\/\/www.solothurnerzeitung.ch\/\" target=\"_blank\">Solothurner Zeitung<\/a> vom 12.9.2012 sah man auf der ersten Doppelseite die folgenden Schlagzeilen:<\/p>\n<p align=\"left\"><a href=\"http:\/\/blog.kurtjakob.ch\/wp-content\/uploads\/2012\/09\/yktbakeq.jpg\"><img loading=\"lazy\" decoding=\"async\" style=\"background-image: none; padding-left: 0px; padding-right: 0px; display: inline; padding-top: 0px; border: 0px;\" title=\"yktbakeq\" src=\"http:\/\/blog.kurtjakob.ch\/wp-content\/uploads\/2012\/09\/yktbakeq_thumb.jpg\" alt=\"yktbakeq\" width=\"179\" height=\"145\" border=\"0\" \/><\/a><a href=\"http:\/\/blog.kurtjakob.ch\/wp-content\/uploads\/2012\/09\/cvyijhrw.jpg\"><img loading=\"lazy\" decoding=\"async\" style=\"background-image: none; padding-left: 0px; padding-right: 0px; display: inline; padding-top: 0px; border: 0px;\" title=\"cvyijhrw\" src=\"http:\/\/blog.kurtjakob.ch\/wp-content\/uploads\/2012\/09\/cvyijhrw_thumb.jpg\" alt=\"cvyijhrw\" width=\"455\" height=\"62\" border=\"0\" \/><\/a><\/p>\n<p align=\"left\">Nicht weniger poetisch t\u00f6nt auch eine weitere Schlagzeile auf dieser Doppelseite:<\/p>\n<p align=\"left\"><a href=\"http:\/\/blog.kurtjakob.ch\/wp-content\/uploads\/2012\/09\/boexghph.jpg\"><img loading=\"lazy\" decoding=\"async\" style=\"background-image: none; padding-left: 0px; padding-right: 0px; display: inline; padding-top: 0px; border: 0px;\" title=\"boexghph\" src=\"http:\/\/blog.kurtjakob.ch\/wp-content\/uploads\/2012\/09\/boexghph_thumb.jpg\" alt=\"boexghph\" width=\"333\" height=\"56\" border=\"0\" \/><\/a><\/p>\n<p align=\"left\">Wie w\u00e4r es dann anstatt<\/p>\n<p><a href=\"http:\/\/blog.kurtjakob.ch\/wp-content\/uploads\/2012\/09\/v1cou3hi.jpg\"><img loading=\"lazy\" decoding=\"async\" style=\"background-image: none; padding-left: 0px; padding-right: 0px; display: inline; padding-top: 0px; border: 0px;\" title=\"v1cou3hi\" src=\"http:\/\/blog.kurtjakob.ch\/wp-content\/uploads\/2012\/09\/v1cou3hi_thumb.jpg\" alt=\"v1cou3hi\" width=\"335\" height=\"58\" border=\"0\" \/><\/a><\/p>\n<p>mit: Ganz Paris tr\u00e4umt von der Seine?<\/p>\n","protected":false},"excerpt":{"rendered":"<p>In der Solothurner Zeitung vom 12.9.2012 sah man auf der ersten Doppelseite die folgenden Schlagzeilen: Nicht weniger poetisch t\u00f6nt auch eine weitere Schlagzeile auf dieser Doppelseite: Wie w\u00e4r es dann anstatt mit: Ganz Paris tr\u00e4umt von der Seine?<\/p>\n","protected":false},"author":4,"featured_media":0,"comment_status":"open","ping_status":"open","sticky":false,"template":"","format":"standard","meta":{"footnotes":""},"categories":[1],"tags":[33,97],"class_list":["post-1026","post","type-post","status-publish","format-standard","hentry","category-uncategorized","tag-12-medien","tag-sprachliches"],"_links":{"self":[{"href":"https:\/\/kurtjakob.ch\/index.php?rest_route=\/wp\/v2\/posts\/1026","targetHints":{"allow":["GET"]}}],"collection":[{"href":"https:\/\/kurtjakob.ch\/index.php?rest_route=\/wp\/v2\/posts"}],"about":[{"href":"https:\/\/kurtjakob.ch\/index.php?rest_route=\/wp\/v2\/types\/post"}],"author":[{"embeddable":true,"href":"https:\/\/kurtjakob.ch\/index.php?rest_route=\/wp\/v2\/users\/4"}],"replies":[{"embeddable":true,"href":"https:\/\/kurtjakob.ch\/index.php?rest_route=%2Fwp%2Fv2%2Fcomments&post=1026"}],"version-history":[{"count":0,"href":"https:\/\/kurtjakob.ch\/index.php?rest_route=\/wp\/v2\/posts\/1026\/revisions"}],"wp:attachment":[{"href":"https:\/\/kurtjakob.ch\/index.php?rest_route=%2Fwp%2Fv2%2Fmedia&parent=1026"}],"wp:term":[{"taxonomy":"category","embeddable":true,"href":"https:\/\/kurtjakob.ch\/index.php?rest_route=%2Fwp%2Fv2%2Fcategories&post=1026"},{"taxonomy":"post_tag","embeddable":true,"href":"https:\/\/kurtjakob.ch\/index.php?rest_route=%2Fwp%2Fv2%2Ftags&post=1026"}],"curies":[{"name":"wp","href":"https:\/\/api.w.org\/{rel}","templated":true}]}}