{"id":10,"date":"2006-05-28T21:01:41","date_gmt":"2006-05-28T21:01:41","guid":{"rendered":"http:\/\/wp.kurtjakob.ch\/?p=10"},"modified":"2021-04-27T09:16:36","modified_gmt":"2021-04-27T09:16:36","slug":"john-m-coetzee-an-den-solothurner-literaturtagen","status":"publish","type":"post","link":"https:\/\/kurtjakob.ch\/?p=10","title":{"rendered":"John M. Coetzee an den Solothurner Literaturtagen"},"content":{"rendered":"<p><span style=\"font-size: medium;\">&#8222;Einen Literaturnobelpreis-Tr\u00e4ger trifft man in der Schweiz relativ selten an. Rund 500 Literaturbegeisterte durften am Samstagabend in Solothurn den S\u00fcdafrikaner John M. Coetzee, den Preistr\u00e4ger des Jahres 2003, erleben, sehen und h\u00f6ren: eine Sensation!&#8220;<\/span><\/p>\n<p><img loading=\"lazy\" decoding=\"async\" style=\"width: 191px; height: 127px;\" src=\"http:\/\/blog.kurtjakob.ch\/uploads\/Daten\/sriimg20060528_6756717_0.jpg\" alt=\"Coetzee\" width=\"191\" height=\"127\" align=\"bottom\" border=\"0\" hspace=\"0\" \/><\/p>\n<p>&nbsp;<\/p>\n<p>Quelle <a href=\"http:\/\/www.swissinfo.org\/ger\/startseite\/detail\/Multimedia_und_Literatur_vermischen_sich_in_Solothurn.html?siteSect=105&amp;sid=6756692&amp;cKey=1148808403000\">hier<\/a>.<\/p>\n","protected":false},"excerpt":{"rendered":"<p>&#8222;Einen Literaturnobelpreis-Tr\u00e4ger trifft man in der Schweiz relativ selten an. Rund 500 Literaturbegeisterte durften am Samstagabend in Solothurn den S\u00fcdafrikaner John M. Coetzee, den Preistr\u00e4ger des Jahres 2003, erleben, sehen und h\u00f6ren: eine Sensation!&#8220; &nbsp; Quelle hier.<\/p>\n","protected":false},"author":3,"featured_media":0,"comment_status":"open","ping_status":"open","sticky":false,"template":"","format":"standard","meta":{"footnotes":""},"categories":[208,211],"tags":[6,8],"class_list":["post-10","post","type-post","status-publish","format-standard","hentry","category-literatur","category-solothurner-literaturtage","tag-literatur","tag-solothurner-literaturtage"],"_links":{"self":[{"href":"https:\/\/kurtjakob.ch\/index.php?rest_route=\/wp\/v2\/posts\/10","targetHints":{"allow":["GET"]}}],"collection":[{"href":"https:\/\/kurtjakob.ch\/index.php?rest_route=\/wp\/v2\/posts"}],"about":[{"href":"https:\/\/kurtjakob.ch\/index.php?rest_route=\/wp\/v2\/types\/post"}],"author":[{"embeddable":true,"href":"https:\/\/kurtjakob.ch\/index.php?rest_route=\/wp\/v2\/users\/3"}],"replies":[{"embeddable":true,"href":"https:\/\/kurtjakob.ch\/index.php?rest_route=%2Fwp%2Fv2%2Fcomments&post=10"}],"version-history":[{"count":2,"href":"https:\/\/kurtjakob.ch\/index.php?rest_route=\/wp\/v2\/posts\/10\/revisions"}],"predecessor-version":[{"id":2636,"href":"https:\/\/kurtjakob.ch\/index.php?rest_route=\/wp\/v2\/posts\/10\/revisions\/2636"}],"wp:attachment":[{"href":"https:\/\/kurtjakob.ch\/index.php?rest_route=%2Fwp%2Fv2%2Fmedia&parent=10"}],"wp:term":[{"taxonomy":"category","embeddable":true,"href":"https:\/\/kurtjakob.ch\/index.php?rest_route=%2Fwp%2Fv2%2Fcategories&post=10"},{"taxonomy":"post_tag","embeddable":true,"href":"https:\/\/kurtjakob.ch\/index.php?rest_route=%2Fwp%2Fv2%2Ftags&post=10"}],"curies":[{"name":"wp","href":"https:\/\/api.w.org\/{rel}","templated":true}]}}